{"id":6380,"date":"2021-12-02T17:18:39","date_gmt":"2021-12-02T17:18:39","guid":{"rendered":"https:\/\/redur.es\/?p=6380"},"modified":"2024-01-15T10:08:47","modified_gmt":"2024-01-15T10:08:47","slug":"redur-inicia-las-obras-en-vitoria-de-su-plataforma-de-cross-docking-mas-importante-del-pais-vasco","status":"publish","type":"post","link":"https:\/\/redur.es\/noticias\/redur-inicia-las-obras-en-vitoria-de-su-plataforma-de-cross-docking-mas-importante-del-pais-vasco\/","title":{"rendered":"REDUR inicia las obras en Vitoria de su plataforma de cross-docking m\u00e1s importante del Pa\u00eds Vasco"},"content":{"rendered":"\n<p><strong>Las nuevas instalaciones de 5.000 metros cuadrados estar\u00e1n equipadas con un sorter con capacidad de clasificaci\u00f3n de 5.000 bultos\/hora<\/strong>.<\/p>\n\n\n\n<p><strong>Estar\u00e1n completamente climatizadas convirti\u00e9ndose en un centro estrat\u00e9gico de la red para clasificaci\u00f3n de productos farmac\u00e9uticos<\/strong>.<\/p>\n\n\n\n<p>El grupo Redur ha iniciado las obras de sus nuevas instalaciones el Pol\u00edgono Jundiz.&nbsp;<\/p>\n\n\n\n<p>Se trata de una nave de Cross-docking de 4.672 m2 de superficie total sobre una parcela de m\u00e1s de 14.000 m2, y esta apertura representa la tercera dentro del plan estrat\u00e9gico &#8220;Redur Calidad 2023&#8221; donde el grupo se dotar\u00e1 de nuevas instalaciones en distintos puntos de su red propia.<\/p>\n\n\n\n<p>Redur ha realizado una inversi\u00f3n de m\u00e1s de 5 Millones de euros en este proyecto, cuya apertura est\u00e1 prevista a principios de 2022, y ser\u00e1 el centro neur\u00e1lgico de la compa\u00f1\u00eda en el Norte de Espa\u00f1a, dando servicio como centro de tr\u00e1nsito a las delegaciones de Vizcaya, Guip\u00fazcoa, Burgos, Santander, La Rioja y Navarra. A su vez ser\u00e1 un enclave estrat\u00e9gico para los grandes clientes del grupo en estas provincias puesto que se apoyar\u00e1n en este centro al tener capacidad de absorber grand\u00edsimos vol\u00famenes de mercanc\u00eda en reducidas ventanas horarias, asegurando as\u00ed un servicio 24 horas en toda la pen\u00ednsula.<\/p>\n\n\n\n<p>Estas instalaciones de \u00faltima generaci\u00f3n estar\u00e1n completamente climatizadas, entre 15-25 grados, y cumplir\u00e1 estrictamente con la normativa GDP de buenas pr\u00e1cticas de distribuci\u00f3n farmac\u00e9utica. Se convierte as\u00ed en el centro de clasificaci\u00f3n y distribuci\u00f3n de producto farmac\u00e9utico m\u00e1s importante del norte de Espa\u00f1a.&nbsp;<\/p>\n\n\n\n<p>El ambicioso proyecto del nuevo Redur Vitoria contar\u00e1 con 48 muelles de veh\u00edculos pesados y 11 de veh\u00edculos ligeros, y estar\u00e1 dotado con un sistema de clasificaci\u00f3n de paqueter\u00eda Vanderlande de ultima generaci\u00f3n con una capacidad de clasificaci\u00f3n de 5.000 bultos\/hora.&nbsp;&nbsp;Del mismo modo contar\u00e1 con sistema de videovigilancia y seguridad de vanguardia, y durante 2022 se certificar\u00e1 en TAPA FSR 1, al igual que los centros de Redur en Barcelona, Madrid y Valencia.<\/p>\n\n\n\n<p>En palabras del Presidente Ejecutivo de Redur, Ra\u00fal Lozano:<\/p>\n\n\n\n<p><em>\u201cEstamos muy orgullosos y felices de que, tras m\u00e1s de 30 a\u00f1os que llevamos operando en la provincia, podamos poner al servicio de nuestros clientes unas instalaciones de ensue\u00f1o como estas. Por la gran demanda energ\u00e9tica que va a tener hemos decidido dotarlas de una instalaci\u00f3n fotovoltaica con la que generaremos de forma respetuosa con el Medio Ambiente alrededor del 50% de la energ\u00eda consumida.\u201d<\/em><\/p>\n","protected":false},"excerpt":{"rendered":"<p>Las nuevas instalaciones de 5.000 metros cuadrados estar\u00e1n equipadas con un sorter con capacidad de clasificaci\u00f3n de 5.000 bultos\/hora. Estar\u00e1n completamente climatizadas convirti\u00e9ndose en un centro estrat\u00e9gico de la red para clasificaci\u00f3n de productos farmac\u00e9uticos. El grupo Redur ha iniciado las obras de sus nuevas instalaciones el Pol\u00edgono Jundiz.&nbsp; Se trata de una nave de [&hellip;]<\/p>\n","protected":false},"author":5,"featured_media":6376,"comment_status":"closed","ping_status":"closed","sticky":false,"template":"","format":"standard","meta":{"_acf_changed":false,"footnotes":""},"categories":[1],"tags":[],"class_list":["post-6380","post","type-post","status-publish","format-standard","has-post-thumbnail","hentry","category-noticias"],"acf":[],"yoast_head":"<!-- This site is optimized with the Yoast SEO plugin v23.6 - https:\/\/yoast.com\/wordpress\/plugins\/seo\/ -->\n<title>REDUR inicia las obras en Vitoria de su plataforma de cross-docking m\u00e1s importante del Pa\u00eds Vasco | REDUR<\/title>\n<meta name=\"robots\" content=\"index, follow, max-snippet:-1, max-image-preview:large, max-video-preview:-1\" \/>\n<link rel=\"canonical\" href=\"https:\/\/redur.es\/pt-pt\/noticias\/redur-inicia-las-obras-en-vitoria-de-su-plataforma-de-cross-docking-mas-importante-del-pais-vasco\/\" \/>\n<meta property=\"og:locale\" content=\"pt_PT\" \/>\n<meta property=\"og:type\" content=\"article\" \/>\n<meta property=\"og:title\" content=\"REDUR inicia las obras en Vitoria de su plataforma de cross-docking m\u00e1s importante del Pa\u00eds Vasco | REDUR\" \/>\n<meta property=\"og:description\" content=\"Las nuevas instalaciones de 5.000 metros cuadrados estar\u00e1n equipadas con un sorter con capacidad de clasificaci\u00f3n de 5.000 bultos\/hora. Estar\u00e1n completamente climatizadas convirti\u00e9ndose en un centro estrat\u00e9gico de la red para clasificaci\u00f3n de productos farmac\u00e9uticos. El grupo Redur ha iniciado las obras de sus nuevas instalaciones el Pol\u00edgono Jundiz.&nbsp; Se trata de una nave de [&hellip;]\" \/>\n<meta property=\"og:url\" content=\"https:\/\/redur.es\/noticias\/redur-inicia-las-obras-en-vitoria-de-su-plataforma-de-cross-docking-mas-importante-del-pais-vasco\/\" \/>\n<meta property=\"og:site_name\" content=\"REDUR\" \/>\n<meta property=\"article:published_time\" content=\"2021-12-02T17:18:39+00:00\" \/>\n<meta property=\"article:modified_time\" content=\"2024-01-15T10:08:47+00:00\" \/>\n<meta property=\"og:image\" content=\"https:\/\/redur.es\/wp-content\/uploads\/2021\/12\/R_Vitoria-1G.jpg\" \/>\n\t<meta property=\"og:image:width\" content=\"1841\" \/>\n\t<meta property=\"og:image:height\" content=\"729\" \/>\n\t<meta property=\"og:image:type\" content=\"image\/jpeg\" \/>\n<meta name=\"author\" content=\"redur\" \/>\n<meta name=\"twitter:card\" content=\"summary_large_image\" \/>\n<meta name=\"twitter:label1\" content=\"Escrito por\" \/>\n\t<meta name=\"twitter:data1\" content=\"redur\" \/>\n\t<meta name=\"twitter:label2\" content=\"Tempo estimado de leitura\" \/>\n\t<meta name=\"twitter:data2\" content=\"2 minutos\" \/>\n<script type=\"application\/ld+json\" class=\"yoast-schema-graph\">{\"@context\":\"https:\/\/schema.org\",\"@graph\":[{\"@type\":\"Article\",\"@id\":\"https:\/\/redur.es\/noticias\/redur-inicia-las-obras-en-vitoria-de-su-plataforma-de-cross-docking-mas-importante-del-pais-vasco\/#article\",\"isPartOf\":{\"@id\":\"https:\/\/redur.es\/noticias\/redur-inicia-las-obras-en-vitoria-de-su-plataforma-de-cross-docking-mas-importante-del-pais-vasco\/\"},\"author\":{\"name\":\"redur\",\"@id\":\"https:\/\/redur.es\/pt-pt\/#\/schema\/person\/046b8eba9c0b629e9a3745bd9400b1c0\"},\"headline\":\"REDUR inicia las obras en Vitoria de su plataforma de cross-docking m\u00e1s importante del Pa\u00eds Vasco\",\"datePublished\":\"2021-12-02T17:18:39+00:00\",\"dateModified\":\"2024-01-15T10:08:47+00:00\",\"mainEntityOfPage\":{\"@id\":\"https:\/\/redur.es\/noticias\/redur-inicia-las-obras-en-vitoria-de-su-plataforma-de-cross-docking-mas-importante-del-pais-vasco\/\"},\"wordCount\":444,\"publisher\":{\"@id\":\"https:\/\/redur.es\/pt-pt\/#organization\"},\"image\":{\"@id\":\"https:\/\/redur.es\/noticias\/redur-inicia-las-obras-en-vitoria-de-su-plataforma-de-cross-docking-mas-importante-del-pais-vasco\/#primaryimage\"},\"thumbnailUrl\":\"https:\/\/redur.es\/wp-content\/uploads\/2021\/12\/R_Vitoria-1G.jpg\",\"articleSection\":[\"Blog\"],\"inLanguage\":\"pt-PT\"},{\"@type\":\"WebPage\",\"@id\":\"https:\/\/redur.es\/noticias\/redur-inicia-las-obras-en-vitoria-de-su-plataforma-de-cross-docking-mas-importante-del-pais-vasco\/\",\"url\":\"https:\/\/redur.es\/noticias\/redur-inicia-las-obras-en-vitoria-de-su-plataforma-de-cross-docking-mas-importante-del-pais-vasco\/\",\"name\":\"REDUR inicia las obras en Vitoria de su plataforma de cross-docking m\u00e1s importante del Pa\u00eds Vasco | REDUR\",\"isPartOf\":{\"@id\":\"https:\/\/redur.es\/pt-pt\/#website\"},\"primaryImageOfPage\":{\"@id\":\"https:\/\/redur.es\/noticias\/redur-inicia-las-obras-en-vitoria-de-su-plataforma-de-cross-docking-mas-importante-del-pais-vasco\/#primaryimage\"},\"image\":{\"@id\":\"https:\/\/redur.es\/noticias\/redur-inicia-las-obras-en-vitoria-de-su-plataforma-de-cross-docking-mas-importante-del-pais-vasco\/#primaryimage\"},\"thumbnailUrl\":\"https:\/\/redur.es\/wp-content\/uploads\/2021\/12\/R_Vitoria-1G.jpg\",\"datePublished\":\"2021-12-02T17:18:39+00:00\",\"dateModified\":\"2024-01-15T10:08:47+00:00\",\"breadcrumb\":{\"@id\":\"https:\/\/redur.es\/noticias\/redur-inicia-las-obras-en-vitoria-de-su-plataforma-de-cross-docking-mas-importante-del-pais-vasco\/#breadcrumb\"},\"inLanguage\":\"pt-PT\",\"potentialAction\":[{\"@type\":\"ReadAction\",\"target\":[\"https:\/\/redur.es\/noticias\/redur-inicia-las-obras-en-vitoria-de-su-plataforma-de-cross-docking-mas-importante-del-pais-vasco\/\"]}]},{\"@type\":\"ImageObject\",\"inLanguage\":\"pt-PT\",\"@id\":\"https:\/\/redur.es\/noticias\/redur-inicia-las-obras-en-vitoria-de-su-plataforma-de-cross-docking-mas-importante-del-pais-vasco\/#primaryimage\",\"url\":\"https:\/\/redur.es\/wp-content\/uploads\/2021\/12\/R_Vitoria-1G.jpg\",\"contentUrl\":\"https:\/\/redur.es\/wp-content\/uploads\/2021\/12\/R_Vitoria-1G.jpg\",\"width\":1841,\"height\":729},{\"@type\":\"BreadcrumbList\",\"@id\":\"https:\/\/redur.es\/noticias\/redur-inicia-las-obras-en-vitoria-de-su-plataforma-de-cross-docking-mas-importante-del-pais-vasco\/#breadcrumb\",\"itemListElement\":[{\"@type\":\"ListItem\",\"position\":1,\"name\":\"Portada\",\"item\":\"https:\/\/redur.es\/pt-pt\/\"},{\"@type\":\"ListItem\",\"position\":2,\"name\":\"REDUR inicia las obras en Vitoria de su plataforma de cross-docking m\u00e1s importante del Pa\u00eds Vasco\"}]},{\"@type\":\"WebSite\",\"@id\":\"https:\/\/redur.es\/pt-pt\/#website\",\"url\":\"https:\/\/redur.es\/pt-pt\/\",\"name\":\"REDUR\",\"description\":\"Log\u00edstica e Transporte\",\"publisher\":{\"@id\":\"https:\/\/redur.es\/pt-pt\/#organization\"},\"potentialAction\":[{\"@type\":\"SearchAction\",\"target\":{\"@type\":\"EntryPoint\",\"urlTemplate\":\"https:\/\/redur.es\/pt-pt\/?s={search_term_string}\"},\"query-input\":{\"@type\":\"PropertyValueSpecification\",\"valueRequired\":true,\"valueName\":\"search_term_string\"}}],\"inLanguage\":\"pt-PT\"},{\"@type\":\"Organization\",\"@id\":\"https:\/\/redur.es\/pt-pt\/#organization\",\"name\":\"REDUR\",\"url\":\"https:\/\/redur.es\/pt-pt\/\",\"logo\":{\"@type\":\"ImageObject\",\"inLanguage\":\"pt-PT\",\"@id\":\"https:\/\/redur.es\/pt-pt\/#\/schema\/logo\/image\/\",\"url\":\"\",\"contentUrl\":\"\",\"caption\":\"REDUR\"},\"image\":{\"@id\":\"https:\/\/redur.es\/pt-pt\/#\/schema\/logo\/image\/\"}},{\"@type\":\"Person\",\"@id\":\"https:\/\/redur.es\/pt-pt\/#\/schema\/person\/046b8eba9c0b629e9a3745bd9400b1c0\",\"name\":\"redur\",\"image\":{\"@type\":\"ImageObject\",\"inLanguage\":\"pt-PT\",\"@id\":\"https:\/\/redur.es\/pt-pt\/#\/schema\/person\/image\/\",\"url\":\"https:\/\/secure.gravatar.com\/avatar\/2128473854ea0c523bb98eda32ec29845f66ccc590c1a615897e5fe13266e971?s=96&d=mm&r=g\",\"contentUrl\":\"https:\/\/secure.gravatar.com\/avatar\/2128473854ea0c523bb98eda32ec29845f66ccc590c1a615897e5fe13266e971?s=96&d=mm&r=g\",\"caption\":\"redur\"},\"url\":\"https:\/\/redur.es\/pt-pt\/author\/redur\/\"}]}<\/script>\n<!-- \/ Yoast SEO plugin. -->","yoast_head_json":{"title":"REDUR inicia las obras en Vitoria de su plataforma de cross-docking m\u00e1s importante del Pa\u00eds Vasco | REDUR","robots":{"index":"index","follow":"follow","max-snippet":"max-snippet:-1","max-image-preview":"max-image-preview:large","max-video-preview":"max-video-preview:-1"},"canonical":"https:\/\/redur.es\/pt-pt\/noticias\/redur-inicia-las-obras-en-vitoria-de-su-plataforma-de-cross-docking-mas-importante-del-pais-vasco\/","og_locale":"pt_PT","og_type":"article","og_title":"REDUR inicia las obras en Vitoria de su plataforma de cross-docking m\u00e1s importante del Pa\u00eds Vasco | REDUR","og_description":"Las nuevas instalaciones de 5.000 metros cuadrados estar\u00e1n equipadas con un sorter con capacidad de clasificaci\u00f3n de 5.000 bultos\/hora. Estar\u00e1n completamente climatizadas convirti\u00e9ndose en un centro estrat\u00e9gico de la red para clasificaci\u00f3n de productos farmac\u00e9uticos. El grupo Redur ha iniciado las obras de sus nuevas instalaciones el Pol\u00edgono Jundiz.&nbsp; Se trata de una nave de [&hellip;]","og_url":"https:\/\/redur.es\/noticias\/redur-inicia-las-obras-en-vitoria-de-su-plataforma-de-cross-docking-mas-importante-del-pais-vasco\/","og_site_name":"REDUR","article_published_time":"2021-12-02T17:18:39+00:00","article_modified_time":"2024-01-15T10:08:47+00:00","og_image":[{"width":1841,"height":729,"url":"https:\/\/redur.es\/wp-content\/uploads\/2021\/12\/R_Vitoria-1G.jpg","type":"image\/jpeg"}],"author":"redur","twitter_card":"summary_large_image","twitter_misc":{"Escrito por":"redur","Tempo estimado de leitura":"2 minutos"},"schema":{"@context":"https:\/\/schema.org","@graph":[{"@type":"Article","@id":"https:\/\/redur.es\/noticias\/redur-inicia-las-obras-en-vitoria-de-su-plataforma-de-cross-docking-mas-importante-del-pais-vasco\/#article","isPartOf":{"@id":"https:\/\/redur.es\/noticias\/redur-inicia-las-obras-en-vitoria-de-su-plataforma-de-cross-docking-mas-importante-del-pais-vasco\/"},"author":{"name":"redur","@id":"https:\/\/redur.es\/pt-pt\/#\/schema\/person\/046b8eba9c0b629e9a3745bd9400b1c0"},"headline":"REDUR inicia las obras en Vitoria de su plataforma de cross-docking m\u00e1s importante del Pa\u00eds Vasco","datePublished":"2021-12-02T17:18:39+00:00","dateModified":"2024-01-15T10:08:47+00:00","mainEntityOfPage":{"@id":"https:\/\/redur.es\/noticias\/redur-inicia-las-obras-en-vitoria-de-su-plataforma-de-cross-docking-mas-importante-del-pais-vasco\/"},"wordCount":444,"publisher":{"@id":"https:\/\/redur.es\/pt-pt\/#organization"},"image":{"@id":"https:\/\/redur.es\/noticias\/redur-inicia-las-obras-en-vitoria-de-su-plataforma-de-cross-docking-mas-importante-del-pais-vasco\/#primaryimage"},"thumbnailUrl":"https:\/\/redur.es\/wp-content\/uploads\/2021\/12\/R_Vitoria-1G.jpg","articleSection":["Blog"],"inLanguage":"pt-PT"},{"@type":"WebPage","@id":"https:\/\/redur.es\/noticias\/redur-inicia-las-obras-en-vitoria-de-su-plataforma-de-cross-docking-mas-importante-del-pais-vasco\/","url":"https:\/\/redur.es\/noticias\/redur-inicia-las-obras-en-vitoria-de-su-plataforma-de-cross-docking-mas-importante-del-pais-vasco\/","name":"REDUR inicia las obras en Vitoria de su plataforma de cross-docking m\u00e1s importante del Pa\u00eds Vasco | REDUR","isPartOf":{"@id":"https:\/\/redur.es\/pt-pt\/#website"},"primaryImageOfPage":{"@id":"https:\/\/redur.es\/noticias\/redur-inicia-las-obras-en-vitoria-de-su-plataforma-de-cross-docking-mas-importante-del-pais-vasco\/#primaryimage"},"image":{"@id":"https:\/\/redur.es\/noticias\/redur-inicia-las-obras-en-vitoria-de-su-plataforma-de-cross-docking-mas-importante-del-pais-vasco\/#primaryimage"},"thumbnailUrl":"https:\/\/redur.es\/wp-content\/uploads\/2021\/12\/R_Vitoria-1G.jpg","datePublished":"2021-12-02T17:18:39+00:00","dateModified":"2024-01-15T10:08:47+00:00","breadcrumb":{"@id":"https:\/\/redur.es\/noticias\/redur-inicia-las-obras-en-vitoria-de-su-plataforma-de-cross-docking-mas-importante-del-pais-vasco\/#breadcrumb"},"inLanguage":"pt-PT","potentialAction":[{"@type":"ReadAction","target":["https:\/\/redur.es\/noticias\/redur-inicia-las-obras-en-vitoria-de-su-plataforma-de-cross-docking-mas-importante-del-pais-vasco\/"]}]},{"@type":"ImageObject","inLanguage":"pt-PT","@id":"https:\/\/redur.es\/noticias\/redur-inicia-las-obras-en-vitoria-de-su-plataforma-de-cross-docking-mas-importante-del-pais-vasco\/#primaryimage","url":"https:\/\/redur.es\/wp-content\/uploads\/2021\/12\/R_Vitoria-1G.jpg","contentUrl":"https:\/\/redur.es\/wp-content\/uploads\/2021\/12\/R_Vitoria-1G.jpg","width":1841,"height":729},{"@type":"BreadcrumbList","@id":"https:\/\/redur.es\/noticias\/redur-inicia-las-obras-en-vitoria-de-su-plataforma-de-cross-docking-mas-importante-del-pais-vasco\/#breadcrumb","itemListElement":[{"@type":"ListItem","position":1,"name":"Portada","item":"https:\/\/redur.es\/pt-pt\/"},{"@type":"ListItem","position":2,"name":"REDUR inicia las obras en Vitoria de su plataforma de cross-docking m\u00e1s importante del Pa\u00eds Vasco"}]},{"@type":"WebSite","@id":"https:\/\/redur.es\/pt-pt\/#website","url":"https:\/\/redur.es\/pt-pt\/","name":"REDUR","description":"Log\u00edstica e Transporte","publisher":{"@id":"https:\/\/redur.es\/pt-pt\/#organization"},"potentialAction":[{"@type":"SearchAction","target":{"@type":"EntryPoint","urlTemplate":"https:\/\/redur.es\/pt-pt\/?s={search_term_string}"},"query-input":{"@type":"PropertyValueSpecification","valueRequired":true,"valueName":"search_term_string"}}],"inLanguage":"pt-PT"},{"@type":"Organization","@id":"https:\/\/redur.es\/pt-pt\/#organization","name":"REDUR","url":"https:\/\/redur.es\/pt-pt\/","logo":{"@type":"ImageObject","inLanguage":"pt-PT","@id":"https:\/\/redur.es\/pt-pt\/#\/schema\/logo\/image\/","url":"","contentUrl":"","caption":"REDUR"},"image":{"@id":"https:\/\/redur.es\/pt-pt\/#\/schema\/logo\/image\/"}},{"@type":"Person","@id":"https:\/\/redur.es\/pt-pt\/#\/schema\/person\/046b8eba9c0b629e9a3745bd9400b1c0","name":"redur","image":{"@type":"ImageObject","inLanguage":"pt-PT","@id":"https:\/\/redur.es\/pt-pt\/#\/schema\/person\/image\/","url":"https:\/\/secure.gravatar.com\/avatar\/2128473854ea0c523bb98eda32ec29845f66ccc590c1a615897e5fe13266e971?s=96&d=mm&r=g","contentUrl":"https:\/\/secure.gravatar.com\/avatar\/2128473854ea0c523bb98eda32ec29845f66ccc590c1a615897e5fe13266e971?s=96&d=mm&r=g","caption":"redur"},"url":"https:\/\/redur.es\/pt-pt\/author\/redur\/"}]}},"_links":{"self":[{"href":"https:\/\/redur.es\/pt-pt\/wp-json\/wp\/v2\/posts\/6380","targetHints":{"allow":["GET"]}}],"collection":[{"href":"https:\/\/redur.es\/pt-pt\/wp-json\/wp\/v2\/posts"}],"about":[{"href":"https:\/\/redur.es\/pt-pt\/wp-json\/wp\/v2\/types\/post"}],"author":[{"embeddable":true,"href":"https:\/\/redur.es\/pt-pt\/wp-json\/wp\/v2\/users\/5"}],"replies":[{"embeddable":true,"href":"https:\/\/redur.es\/pt-pt\/wp-json\/wp\/v2\/comments?post=6380"}],"version-history":[{"count":1,"href":"https:\/\/redur.es\/pt-pt\/wp-json\/wp\/v2\/posts\/6380\/revisions"}],"predecessor-version":[{"id":6383,"href":"https:\/\/redur.es\/pt-pt\/wp-json\/wp\/v2\/posts\/6380\/revisions\/6383"}],"wp:featuredmedia":[{"embeddable":true,"href":"https:\/\/redur.es\/pt-pt\/wp-json\/wp\/v2\/media\/6376"}],"wp:attachment":[{"href":"https:\/\/redur.es\/pt-pt\/wp-json\/wp\/v2\/media?parent=6380"}],"wp:term":[{"taxonomy":"category","embeddable":true,"href":"https:\/\/redur.es\/pt-pt\/wp-json\/wp\/v2\/categories?post=6380"},{"taxonomy":"post_tag","embeddable":true,"href":"https:\/\/redur.es\/pt-pt\/wp-json\/wp\/v2\/tags?post=6380"}],"curies":[{"name":"wp","href":"https:\/\/api.w.org\/{rel}","templated":true}]}}